{"id":853,"date":"2015-06-29T00:00:03","date_gmt":"2015-06-29T03:00:03","guid":{"rendered":"http:\/\/localhost\/siteby2019\/2015\/06\/29\/acao-de-midias-sociais-vamos-escolher-o-novo-sabor-de-redubio\/"},"modified":"2023-11-28T10:38:32","modified_gmt":"2023-11-28T13:38:32","slug":"acao-de-midias-sociais-vamos-escolher-o-novo-sabor-de-redubio","status":"publish","type":"post","link":"https:\/\/b-young.me\/en\/acao-de-midias-sociais-vamos-escolher-o-novo-sabor-de-redubio\/","title":{"rendered":"A\u00e7\u00e3o de m\u00eddias sociais: Vamos escolher o novo sabor de Redubio?"},"content":{"rendered":"<p><img fetchpriority=\"high\" decoding=\"async\" class=\"aligncenter wp-image-553 size-full\" src=\"https:\/\/old.b-young.me\/wp-content\/uploads\/2017\/07\/1435600569-3e37f5dc26f35fe4711d282de97e3b8f.jpg\" alt=\"\" width=\"810\" height=\"1200\" \/><\/p>\n<p>Desenvolvemos um aplicativo onde apresentamos 6 op\u00e7\u00f5es de sabores pr\u00e9-selecionados, neste, os usu\u00e1rios podem votar no sabor de sua prefer\u00eancia por um per\u00edodo de 15 dias. Ap\u00f3s o per\u00edodo, a\u00a0comiss\u00e3o de Redub\u00edo far\u00e1 a contagem e determinar\u00e1 quais ser\u00e3o os novos produtos lan\u00e7ados. Os novos produtos estar\u00e3o no mercado em\u00a0setembro, pelas op\u00e7\u00f5es dispon\u00edveis, j\u00e1 d\u00e3o\u00a0<strong>\u00e1gua na boca!<\/strong>\u00a0Corre l\u00e1 e d\u00ea o seu voto! http:\/\/redubio.com.br\/concurso\/shakes.html<\/p>\n<h3><em>Leia tamb\u00e9m: <a href=\"http:\/\/b-young.me\/campanha-de-midias-sociais-voxx-flu-e-b-young\/\">Campanha de m\u00eddias sociais \u2013 Voxx, Flu e B-Young.<\/a><\/em><\/h3>\n","protected":false},"excerpt":{"rendered":"<p>Desenvolvemos um aplicativo onde apresentamos 6 op\u00e7\u00f5es de sabores pr\u00e9-selecionados, neste, os usu\u00e1rios podem votar no sabor de sua prefer\u00eancia por um per\u00edodo de 15 dias. Ap\u00f3s o per\u00edodo, a\u00a0comiss\u00e3o de Redub\u00edo far\u00e1 a contagem e determinar\u00e1 quais ser\u00e3o os novos produtos lan\u00e7ados. Os novos produtos estar\u00e3o no mercado em\u00a0setembro, pelas op\u00e7\u00f5es dispon\u00edveis, j\u00e1 d\u00e3o\u00a0\u00e1gua [&hellip;]<\/p>\n","protected":false},"author":1,"featured_media":854,"comment_status":"open","ping_status":"open","sticky":false,"template":"","format":"standard","meta":{"footnotes":""},"categories":[527],"tags":[657,658,498,659],"class_list":["post-853","post","type-post","status-publish","format-standard","has-post-thumbnail","hentry","category-campanha-social-media","tag-acao-nas-midias-sociais","tag-campanha-digital","tag-campanha-facebook","tag-redubio"],"yoast_head":"<!-- This site is optimized with the Yoast SEO Premium plugin v25.1 (Yoast SEO v27.2) - https:\/\/yoast.com\/product\/yoast-seo-premium-wordpress\/ -->\n<title>A\u00e7\u00e3o de m\u00eddias sociais: Vamos escolher o novo sabor de Redubio? - B-Young Social Media Co.<\/title>\n<meta name=\"robots\" content=\"index, follow, max-snippet:-1, max-image-preview:large, max-video-preview:-1\" \/>\n<link rel=\"canonical\" href=\"https:\/\/b-young.me\/en\/acao-de-midias-sociais-vamos-escolher-o-novo-sabor-de-redubio\/\" \/>\n<meta property=\"og:locale\" content=\"en_US\" \/>\n<meta property=\"og:type\" content=\"article\" \/>\n<meta property=\"og:title\" content=\"A\u00e7\u00e3o de m\u00eddias sociais: Vamos escolher o novo sabor de Redubio?\" \/>\n<meta property=\"og:description\" content=\"Desenvolvemos um aplicativo onde apresentamos 6 op\u00e7\u00f5es de sabores pr\u00e9-selecionados, neste, os usu\u00e1rios podem votar no sabor de sua prefer\u00eancia por um per\u00edodo de 15 dias. Ap\u00f3s o per\u00edodo, a\u00a0comiss\u00e3o de Redub\u00edo far\u00e1 a contagem e determinar\u00e1 quais ser\u00e3o os novos produtos lan\u00e7ados. Os novos produtos estar\u00e3o no mercado em\u00a0setembro, pelas op\u00e7\u00f5es dispon\u00edveis, j\u00e1 d\u00e3o\u00a0\u00e1gua [&hellip;]\" \/>\n<meta property=\"og:url\" content=\"https:\/\/b-young.me\/en\/acao-de-midias-sociais-vamos-escolher-o-novo-sabor-de-redubio\/\" \/>\n<meta property=\"og:site_name\" content=\"B-Young Social Media Co.\" \/>\n<meta property=\"article:publisher\" content=\"https:\/\/www.facebook.com\/agenciabyoung\" \/>\n<meta property=\"article:published_time\" content=\"2015-06-29T03:00:03+00:00\" \/>\n<meta property=\"article:modified_time\" content=\"2023-11-28T13:38:32+00:00\" \/>\n<meta property=\"og:image\" content=\"https:\/\/b-young.me\/wp-content\/uploads\/2015\/06\/1435600880-79bca07701a2cffdeb56f4f4eeac9f4e.jpg\" \/>\n\t<meta property=\"og:image:width\" content=\"1200\" \/>\n\t<meta property=\"og:image:height\" content=\"557\" \/>\n\t<meta property=\"og:image:type\" content=\"image\/jpeg\" \/>\n<meta name=\"author\" content=\"Kaique C. Ribeiro\" \/>\n<meta name=\"twitter:card\" content=\"summary_large_image\" \/>\n<meta name=\"twitter:label1\" content=\"Written by\" \/>\n\t<meta name=\"twitter:data1\" content=\"Kaique C. Ribeiro\" \/>\n\t<meta name=\"twitter:label2\" content=\"Est. reading time\" \/>\n\t<meta name=\"twitter:data2\" content=\"1 minute\" \/>\n<script type=\"application\/ld+json\" class=\"yoast-schema-graph\">{\"@context\":\"https:\/\/schema.org\",\"@graph\":[{\"@type\":\"Article\",\"@id\":\"https:\/\/b-young.me\/en\/acao-de-midias-sociais-vamos-escolher-o-novo-sabor-de-redubio\/#article\",\"isPartOf\":{\"@id\":\"https:\/\/b-young.me\/en\/acao-de-midias-sociais-vamos-escolher-o-novo-sabor-de-redubio\/\"},\"author\":{\"name\":\"Kaique C. Ribeiro\",\"@id\":\"https:\/\/b-young.me\/en\/#\/schema\/person\/43d0dd6b09299911f71acce4257ac61d\"},\"headline\":\"A\u00e7\u00e3o de m\u00eddias sociais: Vamos escolher o novo sabor de Redubio?\",\"datePublished\":\"2015-06-29T03:00:03+00:00\",\"dateModified\":\"2023-11-28T13:38:32+00:00\",\"mainEntityOfPage\":{\"@id\":\"https:\/\/b-young.me\/en\/acao-de-midias-sociais-vamos-escolher-o-novo-sabor-de-redubio\/\"},\"wordCount\":112,\"commentCount\":0,\"publisher\":{\"@id\":\"https:\/\/b-young.me\/en\/#organization\"},\"image\":{\"@id\":\"https:\/\/b-young.me\/en\/acao-de-midias-sociais-vamos-escolher-o-novo-sabor-de-redubio\/#primaryimage\"},\"thumbnailUrl\":\"https:\/\/b-young.me\/wp-content\/uploads\/2015\/06\/1435600880-79bca07701a2cffdeb56f4f4eeac9f4e.jpg\",\"keywords\":[\"a\u00e7\u00e3o nas m\u00eddias sociais\",\"campanha digital\",\"campanha facebook\",\"redubio\"],\"articleSection\":[\"Campanha Social Media\"],\"inLanguage\":\"en-US\",\"potentialAction\":[{\"@type\":\"CommentAction\",\"name\":\"Comment\",\"target\":[\"https:\/\/b-young.me\/en\/acao-de-midias-sociais-vamos-escolher-o-novo-sabor-de-redubio\/#respond\"]}]},{\"@type\":\"WebPage\",\"@id\":\"https:\/\/b-young.me\/en\/acao-de-midias-sociais-vamos-escolher-o-novo-sabor-de-redubio\/\",\"url\":\"https:\/\/b-young.me\/en\/acao-de-midias-sociais-vamos-escolher-o-novo-sabor-de-redubio\/\",\"name\":\"A\u00e7\u00e3o de m\u00eddias sociais: Vamos escolher o novo sabor de Redubio? - B-Young Social Media Co.\",\"isPartOf\":{\"@id\":\"https:\/\/b-young.me\/en\/#website\"},\"primaryImageOfPage\":{\"@id\":\"https:\/\/b-young.me\/en\/acao-de-midias-sociais-vamos-escolher-o-novo-sabor-de-redubio\/#primaryimage\"},\"image\":{\"@id\":\"https:\/\/b-young.me\/en\/acao-de-midias-sociais-vamos-escolher-o-novo-sabor-de-redubio\/#primaryimage\"},\"thumbnailUrl\":\"https:\/\/b-young.me\/wp-content\/uploads\/2015\/06\/1435600880-79bca07701a2cffdeb56f4f4eeac9f4e.jpg\",\"datePublished\":\"2015-06-29T03:00:03+00:00\",\"dateModified\":\"2023-11-28T13:38:32+00:00\",\"breadcrumb\":{\"@id\":\"https:\/\/b-young.me\/en\/acao-de-midias-sociais-vamos-escolher-o-novo-sabor-de-redubio\/#breadcrumb\"},\"inLanguage\":\"en-US\",\"potentialAction\":[{\"@type\":\"ReadAction\",\"target\":[\"https:\/\/b-young.me\/en\/acao-de-midias-sociais-vamos-escolher-o-novo-sabor-de-redubio\/\"]}]},{\"@type\":\"ImageObject\",\"inLanguage\":\"en-US\",\"@id\":\"https:\/\/b-young.me\/en\/acao-de-midias-sociais-vamos-escolher-o-novo-sabor-de-redubio\/#primaryimage\",\"url\":\"https:\/\/b-young.me\/wp-content\/uploads\/2015\/06\/1435600880-79bca07701a2cffdeb56f4f4eeac9f4e.jpg\",\"contentUrl\":\"https:\/\/b-young.me\/wp-content\/uploads\/2015\/06\/1435600880-79bca07701a2cffdeb56f4f4eeac9f4e.jpg\",\"width\":1200,\"height\":557},{\"@type\":\"BreadcrumbList\",\"@id\":\"https:\/\/b-young.me\/en\/acao-de-midias-sociais-vamos-escolher-o-novo-sabor-de-redubio\/#breadcrumb\",\"itemListElement\":[{\"@type\":\"ListItem\",\"position\":1,\"name\":\"In\u00edcio\",\"item\":\"https:\/\/b-young.me\/en\/agency-of-social-media\/\"},{\"@type\":\"ListItem\",\"position\":2,\"name\":\"A\u00e7\u00e3o de m\u00eddias sociais: Vamos escolher o novo sabor de Redubio?\"}]},{\"@type\":\"WebSite\",\"@id\":\"https:\/\/b-young.me\/en\/#website\",\"url\":\"https:\/\/b-young.me\/en\/\",\"name\":\"B-Young Social Media Co.\",\"description\":\"Ag\u00eancia de M\u00eddias Sociais\",\"publisher\":{\"@id\":\"https:\/\/b-young.me\/en\/#organization\"},\"potentialAction\":[{\"@type\":\"SearchAction\",\"target\":{\"@type\":\"EntryPoint\",\"urlTemplate\":\"https:\/\/b-young.me\/en\/?s={search_term_string}\"},\"query-input\":{\"@type\":\"PropertyValueSpecification\",\"valueRequired\":true,\"valueName\":\"search_term_string\"}}],\"inLanguage\":\"en-US\"},{\"@type\":\"Organization\",\"@id\":\"https:\/\/b-young.me\/en\/#organization\",\"name\":\"B-Young Social Media Co.\",\"url\":\"https:\/\/b-young.me\/en\/\",\"logo\":{\"@type\":\"ImageObject\",\"inLanguage\":\"en-US\",\"@id\":\"https:\/\/b-young.me\/en\/#\/schema\/logo\/image\/\",\"url\":\"https:\/\/b-young.me\/wp-content\/uploads\/2022\/02\/logo_by.png\",\"contentUrl\":\"https:\/\/b-young.me\/wp-content\/uploads\/2022\/02\/logo_by.png\",\"width\":436,\"height\":131,\"caption\":\"B-Young Social Media Co.\"},\"image\":{\"@id\":\"https:\/\/b-young.me\/en\/#\/schema\/logo\/image\/\"},\"sameAs\":[\"https:\/\/www.facebook.com\/agenciabyoung\",\"https:\/\/www.instagram.com\/agencia_byoung\/\",\"https:\/\/www.linkedin.com\/company\/b-young\/\",\"https:\/\/www.youtube.com\/channel\/UCzBkLbvLBatSTJrPjENDuww\"]},{\"@type\":\"Person\",\"@id\":\"https:\/\/b-young.me\/en\/#\/schema\/person\/43d0dd6b09299911f71acce4257ac61d\",\"name\":\"Kaique C. Ribeiro\",\"sameAs\":[\"https:\/\/karbro.com.br\"],\"url\":\"https:\/\/b-young.me\/en\/author\/kaique_dev\/\"}]}<\/script>\n<!-- \/ Yoast SEO Premium plugin. -->","yoast_head_json":{"title":"A\u00e7\u00e3o de m\u00eddias sociais: Vamos escolher o novo sabor de Redubio? - B-Young Social Media Co.","robots":{"index":"index","follow":"follow","max-snippet":"max-snippet:-1","max-image-preview":"max-image-preview:large","max-video-preview":"max-video-preview:-1"},"canonical":"https:\/\/b-young.me\/en\/acao-de-midias-sociais-vamos-escolher-o-novo-sabor-de-redubio\/","og_locale":"en_US","og_type":"article","og_title":"A\u00e7\u00e3o de m\u00eddias sociais: Vamos escolher o novo sabor de Redubio?","og_description":"Desenvolvemos um aplicativo onde apresentamos 6 op\u00e7\u00f5es de sabores pr\u00e9-selecionados, neste, os usu\u00e1rios podem votar no sabor de sua prefer\u00eancia por um per\u00edodo de 15 dias. Ap\u00f3s o per\u00edodo, a\u00a0comiss\u00e3o de Redub\u00edo far\u00e1 a contagem e determinar\u00e1 quais ser\u00e3o os novos produtos lan\u00e7ados. Os novos produtos estar\u00e3o no mercado em\u00a0setembro, pelas op\u00e7\u00f5es dispon\u00edveis, j\u00e1 d\u00e3o\u00a0\u00e1gua [&hellip;]","og_url":"https:\/\/b-young.me\/en\/acao-de-midias-sociais-vamos-escolher-o-novo-sabor-de-redubio\/","og_site_name":"B-Young Social Media Co.","article_publisher":"https:\/\/www.facebook.com\/agenciabyoung","article_published_time":"2015-06-29T03:00:03+00:00","article_modified_time":"2023-11-28T13:38:32+00:00","og_image":[{"width":1200,"height":557,"url":"https:\/\/b-young.me\/wp-content\/uploads\/2015\/06\/1435600880-79bca07701a2cffdeb56f4f4eeac9f4e.jpg","type":"image\/jpeg"}],"author":"Kaique C. Ribeiro","twitter_card":"summary_large_image","twitter_misc":{"Written by":"Kaique C. Ribeiro","Est. reading time":"1 minute"},"schema":{"@context":"https:\/\/schema.org","@graph":[{"@type":"Article","@id":"https:\/\/b-young.me\/en\/acao-de-midias-sociais-vamos-escolher-o-novo-sabor-de-redubio\/#article","isPartOf":{"@id":"https:\/\/b-young.me\/en\/acao-de-midias-sociais-vamos-escolher-o-novo-sabor-de-redubio\/"},"author":{"name":"Kaique C. Ribeiro","@id":"https:\/\/b-young.me\/en\/#\/schema\/person\/43d0dd6b09299911f71acce4257ac61d"},"headline":"A\u00e7\u00e3o de m\u00eddias sociais: Vamos escolher o novo sabor de Redubio?","datePublished":"2015-06-29T03:00:03+00:00","dateModified":"2023-11-28T13:38:32+00:00","mainEntityOfPage":{"@id":"https:\/\/b-young.me\/en\/acao-de-midias-sociais-vamos-escolher-o-novo-sabor-de-redubio\/"},"wordCount":112,"commentCount":0,"publisher":{"@id":"https:\/\/b-young.me\/en\/#organization"},"image":{"@id":"https:\/\/b-young.me\/en\/acao-de-midias-sociais-vamos-escolher-o-novo-sabor-de-redubio\/#primaryimage"},"thumbnailUrl":"https:\/\/b-young.me\/wp-content\/uploads\/2015\/06\/1435600880-79bca07701a2cffdeb56f4f4eeac9f4e.jpg","keywords":["a\u00e7\u00e3o nas m\u00eddias sociais","campanha digital","campanha facebook","redubio"],"articleSection":["Campanha Social Media"],"inLanguage":"en-US","potentialAction":[{"@type":"CommentAction","name":"Comment","target":["https:\/\/b-young.me\/en\/acao-de-midias-sociais-vamos-escolher-o-novo-sabor-de-redubio\/#respond"]}]},{"@type":"WebPage","@id":"https:\/\/b-young.me\/en\/acao-de-midias-sociais-vamos-escolher-o-novo-sabor-de-redubio\/","url":"https:\/\/b-young.me\/en\/acao-de-midias-sociais-vamos-escolher-o-novo-sabor-de-redubio\/","name":"A\u00e7\u00e3o de m\u00eddias sociais: Vamos escolher o novo sabor de Redubio? - B-Young Social Media Co.","isPartOf":{"@id":"https:\/\/b-young.me\/en\/#website"},"primaryImageOfPage":{"@id":"https:\/\/b-young.me\/en\/acao-de-midias-sociais-vamos-escolher-o-novo-sabor-de-redubio\/#primaryimage"},"image":{"@id":"https:\/\/b-young.me\/en\/acao-de-midias-sociais-vamos-escolher-o-novo-sabor-de-redubio\/#primaryimage"},"thumbnailUrl":"https:\/\/b-young.me\/wp-content\/uploads\/2015\/06\/1435600880-79bca07701a2cffdeb56f4f4eeac9f4e.jpg","datePublished":"2015-06-29T03:00:03+00:00","dateModified":"2023-11-28T13:38:32+00:00","breadcrumb":{"@id":"https:\/\/b-young.me\/en\/acao-de-midias-sociais-vamos-escolher-o-novo-sabor-de-redubio\/#breadcrumb"},"inLanguage":"en-US","potentialAction":[{"@type":"ReadAction","target":["https:\/\/b-young.me\/en\/acao-de-midias-sociais-vamos-escolher-o-novo-sabor-de-redubio\/"]}]},{"@type":"ImageObject","inLanguage":"en-US","@id":"https:\/\/b-young.me\/en\/acao-de-midias-sociais-vamos-escolher-o-novo-sabor-de-redubio\/#primaryimage","url":"https:\/\/b-young.me\/wp-content\/uploads\/2015\/06\/1435600880-79bca07701a2cffdeb56f4f4eeac9f4e.jpg","contentUrl":"https:\/\/b-young.me\/wp-content\/uploads\/2015\/06\/1435600880-79bca07701a2cffdeb56f4f4eeac9f4e.jpg","width":1200,"height":557},{"@type":"BreadcrumbList","@id":"https:\/\/b-young.me\/en\/acao-de-midias-sociais-vamos-escolher-o-novo-sabor-de-redubio\/#breadcrumb","itemListElement":[{"@type":"ListItem","position":1,"name":"In\u00edcio","item":"https:\/\/b-young.me\/en\/agency-of-social-media\/"},{"@type":"ListItem","position":2,"name":"A\u00e7\u00e3o de m\u00eddias sociais: Vamos escolher o novo sabor de Redubio?"}]},{"@type":"WebSite","@id":"https:\/\/b-young.me\/en\/#website","url":"https:\/\/b-young.me\/en\/","name":"B-Young Social Media Co.","description":"Ag\u00eancia de M\u00eddias Sociais","publisher":{"@id":"https:\/\/b-young.me\/en\/#organization"},"potentialAction":[{"@type":"SearchAction","target":{"@type":"EntryPoint","urlTemplate":"https:\/\/b-young.me\/en\/?s={search_term_string}"},"query-input":{"@type":"PropertyValueSpecification","valueRequired":true,"valueName":"search_term_string"}}],"inLanguage":"en-US"},{"@type":"Organization","@id":"https:\/\/b-young.me\/en\/#organization","name":"B-Young Social Media Co.","url":"https:\/\/b-young.me\/en\/","logo":{"@type":"ImageObject","inLanguage":"en-US","@id":"https:\/\/b-young.me\/en\/#\/schema\/logo\/image\/","url":"https:\/\/b-young.me\/wp-content\/uploads\/2022\/02\/logo_by.png","contentUrl":"https:\/\/b-young.me\/wp-content\/uploads\/2022\/02\/logo_by.png","width":436,"height":131,"caption":"B-Young Social Media Co."},"image":{"@id":"https:\/\/b-young.me\/en\/#\/schema\/logo\/image\/"},"sameAs":["https:\/\/www.facebook.com\/agenciabyoung","https:\/\/www.instagram.com\/agencia_byoung\/","https:\/\/www.linkedin.com\/company\/b-young\/","https:\/\/www.youtube.com\/channel\/UCzBkLbvLBatSTJrPjENDuww"]},{"@type":"Person","@id":"https:\/\/b-young.me\/en\/#\/schema\/person\/43d0dd6b09299911f71acce4257ac61d","name":"Kaique C. Ribeiro","sameAs":["https:\/\/karbro.com.br"],"url":"https:\/\/b-young.me\/en\/author\/kaique_dev\/"}]}},"_links":{"self":[{"href":"https:\/\/b-young.me\/en\/wp-json\/wp\/v2\/posts\/853","targetHints":{"allow":["GET"]}}],"collection":[{"href":"https:\/\/b-young.me\/en\/wp-json\/wp\/v2\/posts"}],"about":[{"href":"https:\/\/b-young.me\/en\/wp-json\/wp\/v2\/types\/post"}],"author":[{"embeddable":true,"href":"https:\/\/b-young.me\/en\/wp-json\/wp\/v2\/users\/1"}],"replies":[{"embeddable":true,"href":"https:\/\/b-young.me\/en\/wp-json\/wp\/v2\/comments?post=853"}],"version-history":[{"count":0,"href":"https:\/\/b-young.me\/en\/wp-json\/wp\/v2\/posts\/853\/revisions"}],"wp:featuredmedia":[{"embeddable":true,"href":"https:\/\/b-young.me\/en\/wp-json\/wp\/v2\/media\/854"}],"wp:attachment":[{"href":"https:\/\/b-young.me\/en\/wp-json\/wp\/v2\/media?parent=853"}],"wp:term":[{"taxonomy":"category","embeddable":true,"href":"https:\/\/b-young.me\/en\/wp-json\/wp\/v2\/categories?post=853"},{"taxonomy":"post_tag","embeddable":true,"href":"https:\/\/b-young.me\/en\/wp-json\/wp\/v2\/tags?post=853"}],"curies":[{"name":"wp","href":"https:\/\/api.w.org\/{rel}","templated":true}]}}