{"id":847,"date":"2015-11-06T00:00:54","date_gmt":"2015-11-06T02:00:54","guid":{"rendered":"http:\/\/localhost\/siteby2019\/2015\/11\/06\/facebook-summit-2015-o-fundamental-para-2016\/"},"modified":"2023-11-28T10:44:41","modified_gmt":"2023-11-28T13:44:41","slug":"facebook-summit-2015-o-fundamental-para-2016","status":"publish","type":"post","link":"https:\/\/b-young.me\/en\/facebook-summit-2015-o-fundamental-para-2016\/","title":{"rendered":"Facebook Summit 2015: O fundamental para 2016"},"content":{"rendered":"<h3>O que o Facebook queria contar:<\/h3>\n<p>Basicamente, o Facebook vem se afirmar como solu\u00e7\u00e3o definitiva para que seu neg\u00f3cio acompanhe o \u201c<strong>mobile shift<\/strong>\u201c; que j\u00e1 aconteceu.\u00a0Facebook + Instagram garantem \u00a0aos <a href=\"https:\/\/b-young.me\/social-ads\/\">anunciantes<\/a> algo valios\u00edssimo, acompanhar a jornada multi screen do usu\u00e1rio atrav\u00e9s dos mais diferentes devices com uma garantia\u00a0que nenhum cookie pode te dar, a de que realmente \u00e9 uma pessoa \u00fanica, com um ID \u00fanico do outro lado se comunicando com voc\u00ea.<\/p>\n<h3>Como eles contaram:<\/h3>\n<p><strong>Carolyn Everson, VP of Marketing Solutions, veio apresentar a mudan\u00e7a do mobile, dizendo que:<\/strong>\u00a0Em m\u00e9dia as pessoas usam 27 aplicativos apenas uma vez por m\u00eas, enquanto usam 4 deles com grande frequ\u00eancia, adivinha quais s\u00e3o?<\/p>\n<p><img fetchpriority=\"high\" decoding=\"async\" class=\"aligncenter wp-image-528 size-large\" src=\"https:\/\/old.b-young.me\/wp-content\/uploads\/2017\/07\/1-1024x576.jpg\" alt=\"\" width=\"1024\" height=\"576\" \/><\/p>\n<p>O uso do smartphone est\u00e1 mudando a forma que as pessoas est\u00e3o consumindo v\u00eddeos! V\u00eddeos s\u00e3o o BIG DEAL de 2016, de 2014 para 2015 houve um \u201cpequeno\u201d salto \u00a0de 367% (trezentos e sessenta e sete!!!) em consumo de v\u00eddeo mobile.<\/p>\n<p><img decoding=\"async\" class=\"aligncenter wp-image-529 size-large\" src=\"https:\/\/old.b-young.me\/wp-content\/uploads\/2017\/07\/2-1-1024x576.jpg\" alt=\"\" width=\"1024\" height=\"576\" \/><\/p>\n<p>Durante sua palestra, Carolyn, mostrou n\u00fameros (assustadores) di\u00e1rios de usu\u00e1rios em seus respectivos aplicativos.<\/p>\n<p><img decoding=\"async\" class=\"aligncenter wp-image-530 size-large\" src=\"https:\/\/old.b-young.me\/wp-content\/uploads\/2017\/07\/3-1-1024x576.jpg\" alt=\"\" width=\"1024\" height=\"576\" \/><\/p>\n<p>A intera\u00e7\u00e3o de dispositivos tem deixado a comunica\u00e7\u00e3o cada vez mais complexa, j\u00e1 que 67% das pessoas come\u00e7am o processo de compra em um dispositivo e terminam em outro. Al\u00e9m de que a compra por dispositivos m\u00f3veis aumentou 16%, em um universo digital que teve um aumento total de 23.6% \u00a0no total.<\/p>\n<p><img loading=\"lazy\" decoding=\"async\" class=\"aligncenter wp-image-531 size-full\" src=\"https:\/\/old.b-young.me\/wp-content\/uploads\/2017\/07\/4-1.jpg\" alt=\"\" width=\"1024\" height=\"576\" \/><\/p>\n<p>Depois foi a vez da COO de Instagram, Marne Levine, chutar o balde com n\u00fameros que mais pareciam a cota\u00e7\u00e3o do d\u00f3lar no Brasil!\u00a0Deixando claro que\u00a0o Instagram veio para tomar de assalto sua estrat\u00e9gia digital em 2016.<\/p>\n<p><img loading=\"lazy\" decoding=\"async\" class=\"aligncenter wp-image-532 size-full\" src=\"https:\/\/old.b-young.me\/wp-content\/uploads\/2017\/07\/5-1.jpg\" alt=\"\" width=\"1024\" height=\"576\" \/><\/p>\n<p>Desmascarou os atrasados no Brasil, que p\u00f5em a culpa no Instagram e por isso ficaram na cama al\u00e9m da hora, quando o per\u00edodo de maior uso \u00e9 de noite.<\/p>\n<p><img loading=\"lazy\" decoding=\"async\" class=\"aligncenter wp-image-533 size-full\" src=\"https:\/\/old.b-young.me\/wp-content\/uploads\/2017\/07\/6-1.jpg\" alt=\"\" width=\"1024\" height=\"765\" \/><\/p>\n<p>Marne tamb\u00e9m apontou\u00a0que a maioria dos brasileiros agem ap\u00f3s se sentirem inspirados por um post, mostrando a import\u00e2ncia e o cuidado que uma marca deve ter ao postar algo. Ali\u00e1s, os rec\u00e9m chegados posts patrocinados, AQUI no Brasil, performam 4X melhor que nos outros pa\u00edses! QUA-TRO-VE-ZES-!<\/p>\n<p><img loading=\"lazy\" decoding=\"async\" class=\"aligncenter wp-image-534 size-full\" src=\"https:\/\/old.b-young.me\/wp-content\/uploads\/2017\/07\/7-1.jpg\" alt=\"\" width=\"1024\" height=\"576\" \/><\/p>\n<p>Brad Smallwood, O CARA, dos n\u00fameros \u2013 Head de Measurement, n\u00e3o come\u00e7ou sua apresenta\u00e7\u00e3o falando de mamilos, mas seu primeiro slide era um tanto pol\u00eamico!<\/p>\n<p><img loading=\"lazy\" decoding=\"async\" class=\"aligncenter wp-image-535 size-full\" src=\"https:\/\/old.b-young.me\/wp-content\/uploads\/2017\/07\/8-1.jpg\" alt=\"\" width=\"1024\" height=\"765\" \/><\/p>\n<p>Falou sim que as compra no mobile est\u00e3o subindo, mas basicamente, veio para falar que a maneira como medimos os resultados hoje, est\u00e1 toda errada!<\/p>\n<p><img loading=\"lazy\" decoding=\"async\" class=\"aligncenter wp-image-536 size-full\" src=\"https:\/\/old.b-young.me\/wp-content\/uploads\/2017\/07\/9-1.jpg\" alt=\"\" width=\"1024\" height=\"765\" \/><\/p>\n<p>Tentou nos doutrinar com sua pr\u00f3pria metodologia (que n\u00f3s achamos bem F!)<\/p>\n<p><img loading=\"lazy\" decoding=\"async\" class=\"aligncenter wp-image-537 size-full\" src=\"https:\/\/old.b-young.me\/wp-content\/uploads\/2017\/07\/10-1.jpg\" alt=\"\" width=\"745\" height=\"1024\" \/><\/p>\n<p>\u2026e basicamente jogou na nossa cara que se n\u00e3o medirmos a jornada mobile separada estamos fazendo m\u2026 (temos de concordar)<\/p>\n<p><img loading=\"lazy\" decoding=\"async\" class=\"aligncenter wp-image-538 size-large\" src=\"https:\/\/old.b-young.me\/wp-content\/uploads\/2017\/07\/11-1-1024x765.jpg\" alt=\"\" width=\"1024\" height=\"765\" \/><\/p>\n<p><img loading=\"lazy\" decoding=\"async\" class=\"aligncenter wp-image-539 size-large\" src=\"https:\/\/old.b-young.me\/wp-content\/uploads\/2017\/07\/12-1-1024x765.jpg\" alt=\"\" width=\"1024\" height=\"765\" \/><\/p>\n<p>Rapha Vasconcelos, Head of Creative Shop LATAM, foi o \u00faltimo a falar antes do in\u00edcio dos pain\u00e9is e provavelmente\u00a0entregou um dos slides (o tapa definitivo) mais importante de todo o Summit \u2013 V\u00eddeos s\u00e3o demais, as pessoas amam e te fazem vender mais \u2013 \u00a0quebrando inclusive, um grande mito \u201cCAMPANHAS DE PERFORMANCE E\u00a0CAMPANHAS DE BRANDING PODEM SIM SER A MESMA COISA\u201d.<\/p>\n<p><img loading=\"lazy\" decoding=\"async\" class=\"aligncenter wp-image-540 size-full\" src=\"https:\/\/old.b-young.me\/wp-content\/uploads\/2017\/07\/13-1.jpg\" alt=\"\" width=\"1024\" height=\"765\" \/><\/p>\n<p>Com a informa\u00e7\u00e3o de que iremos para 2016 com v\u00eddeos tendo 37% melhor custo benef\u00edcio do que imagens est\u00e1ticas, podemos concluir que o pr\u00f3ximo ano ser\u00e1 o ano dos v\u00eddeos em dispositivos mobile (em qualquer lugar, na verdade). As pessoas j\u00e1 se adaptaram ao uso dos Smartphones e hoje em uma disputa de aten\u00e7\u00e3o entre o celular e a TV, 82% das vezes seus olhos ficaram presos ao que est\u00e1 rolando na sua m\u00e3o. At\u00e9 2016!<\/p>\n<h3><em>Leia tamb\u00e9m: <a href=\"http:\/\/b-young.me\/apagando-as-velinhas-do-bolo-da-hello-kitty\/\">Apagando as velinhas do bolo da Hello Kitty =^.^=<\/a><\/em><\/h3>\n","protected":false},"excerpt":{"rendered":"<p>O que o Facebook queria contar: Basicamente, o Facebook vem se afirmar como solu\u00e7\u00e3o definitiva para que seu neg\u00f3cio acompanhe o \u201cmobile shift\u201c; que j\u00e1 aconteceu.\u00a0Facebook + Instagram garantem \u00a0aos anunciantes algo valios\u00edssimo, acompanhar a jornada multi screen do usu\u00e1rio atrav\u00e9s dos mais diferentes devices com uma garantia\u00a0que nenhum cookie pode te dar, a de [&hellip;]<\/p>\n","protected":false},"author":1,"featured_media":848,"comment_status":"open","ping_status":"open","sticky":false,"template":"","format":"standard","meta":{"footnotes":""},"categories":[515,500],"tags":[512,546,548,575,652],"class_list":["post-847","post","type-post","status-publish","format-standard","has-post-thumbnail","hentry","category-estrategia-em-midias-sociais","category-performance","tag-estrategia-de-marketing-digital","tag-estrategia-de-midias-sociais","tag-estrategia-facebook","tag-facebook","tag-facebook-summit"],"yoast_head":"<!-- This site is optimized with the Yoast SEO Premium plugin v25.1 (Yoast SEO v27.2) - https:\/\/yoast.com\/product\/yoast-seo-premium-wordpress\/ -->\n<title>Facebook Summit 2015: O fundamental para 2016 - B-Young Social Media Co.<\/title>\n<meta name=\"robots\" content=\"index, follow, max-snippet:-1, max-image-preview:large, max-video-preview:-1\" \/>\n<link rel=\"canonical\" href=\"https:\/\/b-young.me\/en\/facebook-summit-2015-o-fundamental-para-2016\/\" \/>\n<meta property=\"og:locale\" content=\"en_US\" \/>\n<meta property=\"og:type\" content=\"article\" \/>\n<meta property=\"og:title\" content=\"Facebook Summit 2015: O fundamental para 2016\" \/>\n<meta property=\"og:description\" content=\"O que o Facebook queria contar: Basicamente, o Facebook vem se afirmar como solu\u00e7\u00e3o definitiva para que seu neg\u00f3cio acompanhe o \u201cmobile shift\u201c; que j\u00e1 aconteceu.\u00a0Facebook + Instagram garantem \u00a0aos anunciantes algo valios\u00edssimo, acompanhar a jornada multi screen do usu\u00e1rio atrav\u00e9s dos mais diferentes devices com uma garantia\u00a0que nenhum cookie pode te dar, a de [&hellip;]\" \/>\n<meta property=\"og:url\" content=\"https:\/\/b-young.me\/en\/facebook-summit-2015-o-fundamental-para-2016\/\" \/>\n<meta property=\"og:site_name\" content=\"B-Young Social Media Co.\" \/>\n<meta property=\"article:publisher\" content=\"https:\/\/www.facebook.com\/agenciabyoung\" \/>\n<meta property=\"article:published_time\" content=\"2015-11-06T02:00:54+00:00\" \/>\n<meta property=\"article:modified_time\" content=\"2023-11-28T13:44:41+00:00\" \/>\n<meta property=\"og:image\" content=\"https:\/\/b-young.me\/wp-content\/uploads\/2015\/11\/1446834793-b1cb3eaa1537767225f3c457244b4983.jpg\" \/>\n\t<meta property=\"og:image:width\" content=\"900\" \/>\n\t<meta property=\"og:image:height\" content=\"500\" \/>\n\t<meta property=\"og:image:type\" content=\"image\/jpeg\" \/>\n<meta name=\"author\" content=\"Kaique C. Ribeiro\" \/>\n<meta name=\"twitter:card\" content=\"summary_large_image\" \/>\n<meta name=\"twitter:label1\" content=\"Written by\" \/>\n\t<meta name=\"twitter:data1\" content=\"Kaique C. Ribeiro\" \/>\n\t<meta name=\"twitter:label2\" content=\"Est. reading time\" \/>\n\t<meta name=\"twitter:data2\" content=\"6 minutes\" \/>\n<script type=\"application\/ld+json\" class=\"yoast-schema-graph\">{\"@context\":\"https:\/\/schema.org\",\"@graph\":[{\"@type\":\"Article\",\"@id\":\"https:\/\/b-young.me\/en\/facebook-summit-2015-o-fundamental-para-2016\/#article\",\"isPartOf\":{\"@id\":\"https:\/\/b-young.me\/en\/facebook-summit-2015-o-fundamental-para-2016\/\"},\"author\":{\"name\":\"Kaique C. Ribeiro\",\"@id\":\"https:\/\/b-young.me\/en\/#\/schema\/person\/43d0dd6b09299911f71acce4257ac61d\"},\"headline\":\"Facebook Summit 2015: O fundamental para 2016\",\"datePublished\":\"2015-11-06T02:00:54+00:00\",\"dateModified\":\"2023-11-28T13:44:41+00:00\",\"mainEntityOfPage\":{\"@id\":\"https:\/\/b-young.me\/en\/facebook-summit-2015-o-fundamental-para-2016\/\"},\"wordCount\":609,\"commentCount\":0,\"publisher\":{\"@id\":\"https:\/\/b-young.me\/en\/#organization\"},\"image\":{\"@id\":\"https:\/\/b-young.me\/en\/facebook-summit-2015-o-fundamental-para-2016\/#primaryimage\"},\"thumbnailUrl\":\"https:\/\/b-young.me\/wp-content\/uploads\/2015\/11\/1446834793-b1cb3eaa1537767225f3c457244b4983.jpg\",\"keywords\":[\"estrat\u00e9gia de marketing digital\",\"estrat\u00e9gia de m\u00eddias sociais\",\"estrat\u00e9gia Facebook\",\"Facebook\",\"Facebook Summit\"],\"articleSection\":[\"Estrat\u00e9gia em Midias Sociais\",\"Performance\"],\"inLanguage\":\"en-US\",\"potentialAction\":[{\"@type\":\"CommentAction\",\"name\":\"Comment\",\"target\":[\"https:\/\/b-young.me\/en\/facebook-summit-2015-o-fundamental-para-2016\/#respond\"]}]},{\"@type\":\"WebPage\",\"@id\":\"https:\/\/b-young.me\/en\/facebook-summit-2015-o-fundamental-para-2016\/\",\"url\":\"https:\/\/b-young.me\/en\/facebook-summit-2015-o-fundamental-para-2016\/\",\"name\":\"Facebook Summit 2015: O fundamental para 2016 - B-Young Social Media Co.\",\"isPartOf\":{\"@id\":\"https:\/\/b-young.me\/en\/#website\"},\"primaryImageOfPage\":{\"@id\":\"https:\/\/b-young.me\/en\/facebook-summit-2015-o-fundamental-para-2016\/#primaryimage\"},\"image\":{\"@id\":\"https:\/\/b-young.me\/en\/facebook-summit-2015-o-fundamental-para-2016\/#primaryimage\"},\"thumbnailUrl\":\"https:\/\/b-young.me\/wp-content\/uploads\/2015\/11\/1446834793-b1cb3eaa1537767225f3c457244b4983.jpg\",\"datePublished\":\"2015-11-06T02:00:54+00:00\",\"dateModified\":\"2023-11-28T13:44:41+00:00\",\"breadcrumb\":{\"@id\":\"https:\/\/b-young.me\/en\/facebook-summit-2015-o-fundamental-para-2016\/#breadcrumb\"},\"inLanguage\":\"en-US\",\"potentialAction\":[{\"@type\":\"ReadAction\",\"target\":[\"https:\/\/b-young.me\/en\/facebook-summit-2015-o-fundamental-para-2016\/\"]}]},{\"@type\":\"ImageObject\",\"inLanguage\":\"en-US\",\"@id\":\"https:\/\/b-young.me\/en\/facebook-summit-2015-o-fundamental-para-2016\/#primaryimage\",\"url\":\"https:\/\/b-young.me\/wp-content\/uploads\/2015\/11\/1446834793-b1cb3eaa1537767225f3c457244b4983.jpg\",\"contentUrl\":\"https:\/\/b-young.me\/wp-content\/uploads\/2015\/11\/1446834793-b1cb3eaa1537767225f3c457244b4983.jpg\",\"width\":900,\"height\":500},{\"@type\":\"BreadcrumbList\",\"@id\":\"https:\/\/b-young.me\/en\/facebook-summit-2015-o-fundamental-para-2016\/#breadcrumb\",\"itemListElement\":[{\"@type\":\"ListItem\",\"position\":1,\"name\":\"In\u00edcio\",\"item\":\"https:\/\/b-young.me\/en\/agency-of-social-media\/\"},{\"@type\":\"ListItem\",\"position\":2,\"name\":\"Facebook Summit 2015: O fundamental para 2016\"}]},{\"@type\":\"WebSite\",\"@id\":\"https:\/\/b-young.me\/en\/#website\",\"url\":\"https:\/\/b-young.me\/en\/\",\"name\":\"B-Young Social Media Co.\",\"description\":\"Ag\u00eancia de M\u00eddias Sociais\",\"publisher\":{\"@id\":\"https:\/\/b-young.me\/en\/#organization\"},\"potentialAction\":[{\"@type\":\"SearchAction\",\"target\":{\"@type\":\"EntryPoint\",\"urlTemplate\":\"https:\/\/b-young.me\/en\/?s={search_term_string}\"},\"query-input\":{\"@type\":\"PropertyValueSpecification\",\"valueRequired\":true,\"valueName\":\"search_term_string\"}}],\"inLanguage\":\"en-US\"},{\"@type\":\"Organization\",\"@id\":\"https:\/\/b-young.me\/en\/#organization\",\"name\":\"B-Young Social Media Co.\",\"url\":\"https:\/\/b-young.me\/en\/\",\"logo\":{\"@type\":\"ImageObject\",\"inLanguage\":\"en-US\",\"@id\":\"https:\/\/b-young.me\/en\/#\/schema\/logo\/image\/\",\"url\":\"https:\/\/b-young.me\/wp-content\/uploads\/2022\/02\/logo_by.png\",\"contentUrl\":\"https:\/\/b-young.me\/wp-content\/uploads\/2022\/02\/logo_by.png\",\"width\":436,\"height\":131,\"caption\":\"B-Young Social Media Co.\"},\"image\":{\"@id\":\"https:\/\/b-young.me\/en\/#\/schema\/logo\/image\/\"},\"sameAs\":[\"https:\/\/www.facebook.com\/agenciabyoung\",\"https:\/\/www.instagram.com\/agencia_byoung\/\",\"https:\/\/www.linkedin.com\/company\/b-young\/\",\"https:\/\/www.youtube.com\/channel\/UCzBkLbvLBatSTJrPjENDuww\"]},{\"@type\":\"Person\",\"@id\":\"https:\/\/b-young.me\/en\/#\/schema\/person\/43d0dd6b09299911f71acce4257ac61d\",\"name\":\"Kaique C. Ribeiro\",\"sameAs\":[\"https:\/\/karbro.com.br\"],\"url\":\"https:\/\/b-young.me\/en\/author\/kaique_dev\/\"}]}<\/script>\n<!-- \/ Yoast SEO Premium plugin. -->","yoast_head_json":{"title":"Facebook Summit 2015: O fundamental para 2016 - B-Young Social Media Co.","robots":{"index":"index","follow":"follow","max-snippet":"max-snippet:-1","max-image-preview":"max-image-preview:large","max-video-preview":"max-video-preview:-1"},"canonical":"https:\/\/b-young.me\/en\/facebook-summit-2015-o-fundamental-para-2016\/","og_locale":"en_US","og_type":"article","og_title":"Facebook Summit 2015: O fundamental para 2016","og_description":"O que o Facebook queria contar: Basicamente, o Facebook vem se afirmar como solu\u00e7\u00e3o definitiva para que seu neg\u00f3cio acompanhe o \u201cmobile shift\u201c; que j\u00e1 aconteceu.\u00a0Facebook + Instagram garantem \u00a0aos anunciantes algo valios\u00edssimo, acompanhar a jornada multi screen do usu\u00e1rio atrav\u00e9s dos mais diferentes devices com uma garantia\u00a0que nenhum cookie pode te dar, a de [&hellip;]","og_url":"https:\/\/b-young.me\/en\/facebook-summit-2015-o-fundamental-para-2016\/","og_site_name":"B-Young Social Media Co.","article_publisher":"https:\/\/www.facebook.com\/agenciabyoung","article_published_time":"2015-11-06T02:00:54+00:00","article_modified_time":"2023-11-28T13:44:41+00:00","og_image":[{"width":900,"height":500,"url":"https:\/\/b-young.me\/wp-content\/uploads\/2015\/11\/1446834793-b1cb3eaa1537767225f3c457244b4983.jpg","type":"image\/jpeg"}],"author":"Kaique C. Ribeiro","twitter_card":"summary_large_image","twitter_misc":{"Written by":"Kaique C. Ribeiro","Est. reading time":"6 minutes"},"schema":{"@context":"https:\/\/schema.org","@graph":[{"@type":"Article","@id":"https:\/\/b-young.me\/en\/facebook-summit-2015-o-fundamental-para-2016\/#article","isPartOf":{"@id":"https:\/\/b-young.me\/en\/facebook-summit-2015-o-fundamental-para-2016\/"},"author":{"name":"Kaique C. Ribeiro","@id":"https:\/\/b-young.me\/en\/#\/schema\/person\/43d0dd6b09299911f71acce4257ac61d"},"headline":"Facebook Summit 2015: O fundamental para 2016","datePublished":"2015-11-06T02:00:54+00:00","dateModified":"2023-11-28T13:44:41+00:00","mainEntityOfPage":{"@id":"https:\/\/b-young.me\/en\/facebook-summit-2015-o-fundamental-para-2016\/"},"wordCount":609,"commentCount":0,"publisher":{"@id":"https:\/\/b-young.me\/en\/#organization"},"image":{"@id":"https:\/\/b-young.me\/en\/facebook-summit-2015-o-fundamental-para-2016\/#primaryimage"},"thumbnailUrl":"https:\/\/b-young.me\/wp-content\/uploads\/2015\/11\/1446834793-b1cb3eaa1537767225f3c457244b4983.jpg","keywords":["estrat\u00e9gia de marketing digital","estrat\u00e9gia de m\u00eddias sociais","estrat\u00e9gia Facebook","Facebook","Facebook Summit"],"articleSection":["Estrat\u00e9gia em Midias Sociais","Performance"],"inLanguage":"en-US","potentialAction":[{"@type":"CommentAction","name":"Comment","target":["https:\/\/b-young.me\/en\/facebook-summit-2015-o-fundamental-para-2016\/#respond"]}]},{"@type":"WebPage","@id":"https:\/\/b-young.me\/en\/facebook-summit-2015-o-fundamental-para-2016\/","url":"https:\/\/b-young.me\/en\/facebook-summit-2015-o-fundamental-para-2016\/","name":"Facebook Summit 2015: O fundamental para 2016 - B-Young Social Media Co.","isPartOf":{"@id":"https:\/\/b-young.me\/en\/#website"},"primaryImageOfPage":{"@id":"https:\/\/b-young.me\/en\/facebook-summit-2015-o-fundamental-para-2016\/#primaryimage"},"image":{"@id":"https:\/\/b-young.me\/en\/facebook-summit-2015-o-fundamental-para-2016\/#primaryimage"},"thumbnailUrl":"https:\/\/b-young.me\/wp-content\/uploads\/2015\/11\/1446834793-b1cb3eaa1537767225f3c457244b4983.jpg","datePublished":"2015-11-06T02:00:54+00:00","dateModified":"2023-11-28T13:44:41+00:00","breadcrumb":{"@id":"https:\/\/b-young.me\/en\/facebook-summit-2015-o-fundamental-para-2016\/#breadcrumb"},"inLanguage":"en-US","potentialAction":[{"@type":"ReadAction","target":["https:\/\/b-young.me\/en\/facebook-summit-2015-o-fundamental-para-2016\/"]}]},{"@type":"ImageObject","inLanguage":"en-US","@id":"https:\/\/b-young.me\/en\/facebook-summit-2015-o-fundamental-para-2016\/#primaryimage","url":"https:\/\/b-young.me\/wp-content\/uploads\/2015\/11\/1446834793-b1cb3eaa1537767225f3c457244b4983.jpg","contentUrl":"https:\/\/b-young.me\/wp-content\/uploads\/2015\/11\/1446834793-b1cb3eaa1537767225f3c457244b4983.jpg","width":900,"height":500},{"@type":"BreadcrumbList","@id":"https:\/\/b-young.me\/en\/facebook-summit-2015-o-fundamental-para-2016\/#breadcrumb","itemListElement":[{"@type":"ListItem","position":1,"name":"In\u00edcio","item":"https:\/\/b-young.me\/en\/agency-of-social-media\/"},{"@type":"ListItem","position":2,"name":"Facebook Summit 2015: O fundamental para 2016"}]},{"@type":"WebSite","@id":"https:\/\/b-young.me\/en\/#website","url":"https:\/\/b-young.me\/en\/","name":"B-Young Social Media Co.","description":"Ag\u00eancia de M\u00eddias Sociais","publisher":{"@id":"https:\/\/b-young.me\/en\/#organization"},"potentialAction":[{"@type":"SearchAction","target":{"@type":"EntryPoint","urlTemplate":"https:\/\/b-young.me\/en\/?s={search_term_string}"},"query-input":{"@type":"PropertyValueSpecification","valueRequired":true,"valueName":"search_term_string"}}],"inLanguage":"en-US"},{"@type":"Organization","@id":"https:\/\/b-young.me\/en\/#organization","name":"B-Young Social Media Co.","url":"https:\/\/b-young.me\/en\/","logo":{"@type":"ImageObject","inLanguage":"en-US","@id":"https:\/\/b-young.me\/en\/#\/schema\/logo\/image\/","url":"https:\/\/b-young.me\/wp-content\/uploads\/2022\/02\/logo_by.png","contentUrl":"https:\/\/b-young.me\/wp-content\/uploads\/2022\/02\/logo_by.png","width":436,"height":131,"caption":"B-Young Social Media Co."},"image":{"@id":"https:\/\/b-young.me\/en\/#\/schema\/logo\/image\/"},"sameAs":["https:\/\/www.facebook.com\/agenciabyoung","https:\/\/www.instagram.com\/agencia_byoung\/","https:\/\/www.linkedin.com\/company\/b-young\/","https:\/\/www.youtube.com\/channel\/UCzBkLbvLBatSTJrPjENDuww"]},{"@type":"Person","@id":"https:\/\/b-young.me\/en\/#\/schema\/person\/43d0dd6b09299911f71acce4257ac61d","name":"Kaique C. Ribeiro","sameAs":["https:\/\/karbro.com.br"],"url":"https:\/\/b-young.me\/en\/author\/kaique_dev\/"}]}},"_links":{"self":[{"href":"https:\/\/b-young.me\/en\/wp-json\/wp\/v2\/posts\/847","targetHints":{"allow":["GET"]}}],"collection":[{"href":"https:\/\/b-young.me\/en\/wp-json\/wp\/v2\/posts"}],"about":[{"href":"https:\/\/b-young.me\/en\/wp-json\/wp\/v2\/types\/post"}],"author":[{"embeddable":true,"href":"https:\/\/b-young.me\/en\/wp-json\/wp\/v2\/users\/1"}],"replies":[{"embeddable":true,"href":"https:\/\/b-young.me\/en\/wp-json\/wp\/v2\/comments?post=847"}],"version-history":[{"count":0,"href":"https:\/\/b-young.me\/en\/wp-json\/wp\/v2\/posts\/847\/revisions"}],"wp:featuredmedia":[{"embeddable":true,"href":"https:\/\/b-young.me\/en\/wp-json\/wp\/v2\/media\/848"}],"wp:attachment":[{"href":"https:\/\/b-young.me\/en\/wp-json\/wp\/v2\/media?parent=847"}],"wp:term":[{"taxonomy":"category","embeddable":true,"href":"https:\/\/b-young.me\/en\/wp-json\/wp\/v2\/categories?post=847"},{"taxonomy":"post_tag","embeddable":true,"href":"https:\/\/b-young.me\/en\/wp-json\/wp\/v2\/tags?post=847"}],"curies":[{"name":"wp","href":"https:\/\/api.w.org\/{rel}","templated":true}]}}