{"id":8031,"date":"2023-06-21T17:43:45","date_gmt":"2023-06-21T20:43:45","guid":{"rendered":"https:\/\/b-young.me\/?p=8031"},"modified":"2023-11-29T12:53:55","modified_gmt":"2023-11-29T15:53:55","slug":"como-gerenciar-o-uso-do-celular-corporativo-pode-beneficiar-a-produtividade","status":"publish","type":"post","link":"https:\/\/b-young.me\/en\/como-gerenciar-o-uso-do-celular-corporativo-pode-beneficiar-a-produtividade\/","title":{"rendered":"Como gerenciar o uso do celular corporativo pode beneficiar a produtividade"},"content":{"rendered":"\n<p>Trabalhar no celular permite a produtividade em qualquer lugar e a qualquer hora. Por outro lado, vivemos ultrapassando os limites quando nos mantemos conectados mais do que dever\u00edamos. Mas como o gerenciamento do uso do celular para trabalho pode beneficiar a nossa proatividade de forma direta? Listamos alguns t\u00f3picos que podem ajud\u00e1-lo a separar momentos de trabalho e descanso.<\/p>\n\n\n\n<h2 class=\"wp-block-heading\"><strong>Monitorar a quantidade de tempo no celular<\/strong><\/h2>\n\n\n\n<p>De acordo com uma pesquisa realizada pela CCS Insight em 2019, cerca de 60% das empresas pesquisadas forneciam celulares corporativos para seus funcion\u00e1rios. Sabemos que essa ferramenta pode ser primordial para o dia a dia, mas \u00e9 importante n\u00e3o deixar que ele te sobrecarregue.<\/p>\n\n\n\n<p>Um dos primeiros passos \u00e9 considerar o tempo gasto no celular com suas tarefas. N\u00e3o importa qual seja a op\u00e7\u00e3o utilizada \u2013 uma liga\u00e7\u00e3o, m\u00eddia social ou uma resposta de e-mail; monitorar as horas produtivas no celular pode ser uma alternativa para entender a quantidade de tempo gasto nas atividades. Aplicativos de produtividade para celular podem ser excelentes aliados para esse controle \u2013 hoje, o pr\u00f3prio iOS oferece apps nativos desse segmento.<\/p>\n\n\n\n<h2 class=\"wp-block-heading\"><strong>Fixar limites de hor\u00e1rio de trabalho e de lazer<\/strong><\/h2>\n\n\n\n<p>Comprometer-se com uma quantidade de horas de trabalho e lazer ajuda no consumo respons\u00e1vel das telas &#8211; e estabelecer esse limite ajuda a manter o foco no que precisa ser feito.<\/p>\n\n\n\n<p>Com isso, \u00e9 poss\u00edvel evitar as interrup\u00e7\u00f5es constantes que atrapalham nas responsabilidades profissionais. Fazer um planejamento adequado, considerando n\u00e3o s\u00f3 o tempo no celular, mas tamb\u00e9m no computador, al\u00e9m de poss\u00edveis reuni\u00f5es, pode otimizar o desempenho dos colaboradores e evita que eles estejam sobrecarregados ap\u00f3s o hor\u00e1rio de trabalho.<\/p>\n\n\n\n<p>Um relat\u00f3rio da Pew Research Center em 2018 revelou que 52% dos adultos norte-americanos que usavam celulares corporativos sentiam-se obrigados a verificar e-mails e mensagens fora do hor\u00e1rio de trabalho, afetando o equil\u00edbrio entre trabalho e vida pessoal.<\/p>\n\n\n\n<p>O uso de celulares corporativos pode trazer diversos benef\u00edcios, como maior flexibilidade para os funcion\u00e1rios, permitindo que eles estejam dispon\u00edveis fora do escrit\u00f3rio, realizem tarefas remotas e respondam a quest\u00f5es urgentes. Al\u00e9m disso, esses dispositivos podem facilitar a colabora\u00e7\u00e3o entre equipes e o acesso a informa\u00e7\u00f5es relevantes.<\/p>\n\n\n\n<p>Segundo um estudo do Aberdeen Group, empresas que fornecem celulares corporativos relataram um aumento de 46% na produtividade dos funcion\u00e1rios. \u00c9 importante dizer que aproveitar deslocamentos para resolver alguns e-mails e ganhar horas livres pode ser \u00f3timo. Por\u00e9m, \u00e9 necess\u00e1rio saber equilibrar o tempo para evitar estar acess\u00edvel o tempo todo, o que pode levar a exaust\u00e3o mental e f\u00edsica.<\/p>\n\n\n\n<p>N\u00e3o deixe de compartilhar o conte\u00fado nas suas redes sociais e continue acompanhando o blog da <a href=\"https:\/\/b-young.me\/blog\/\">B-Young<\/a> para mais dicas e novidades sobre o mundo do marketing digital. Aproveite tamb\u00e9m para curtir nossa p\u00e1gina do <a href=\"https:\/\/www.facebook.com\/agenciabyoung\">Facebook<\/a>, al\u00e9m de nos seguir no <a href=\"https:\/\/www.instagram.com\/agencia_byoung\/\">Instagram<\/a>, <a href=\"https:\/\/www.linkedin.com\/company\/b-young\/\">LinkedIn<\/a>, <a href=\"https:\/\/br.pinterest.com\/agenciabyoung\/_created\/\">Pinterest<\/a> e <a href=\"https:\/\/twitter.com\/ag_byoung\">Twitter<\/a>.&nbsp;<\/p>\n\n\n\n<p><strong><em>Leia tamb\u00e9m:<\/em> <em><a href=\"http:\/\/b-young.me\/como-monetizar-conteudos-no-youtube-shorts\/\">Como monetizar conte\u00fados no YouTube Shorts<\/a><\/em><\/strong><br><br><strong>Fonte:<\/strong><br><a href=\"https:\/\/forbes.com.br\/carreira\/2023\/06\/5-dicas-para-se-desconectar-quando-voce-trabalha-no-seu-celular\/#foto4\">Forbes<\/a><br><a href=\"https:\/\/vocerh.abril.com.br\/saude-mental\/burnout-digital-novo-fenomeno-leva-empresas-a-incentivar-a-desconexao\">Voc\u00ea RH<\/a><br>Pew Research Center<br>Aberdeen Group<br><br><\/p>\n","protected":false},"excerpt":{"rendered":"<p>Trabalhar no celular permite a produtividade em qualquer lugar e a qualquer hora. Por outro lado, vivemos ultrapassando os limites quando nos mantemos conectados mais do que dever\u00edamos. Mas como o gerenciamento do uso do celular para trabalho pode beneficiar a nossa proatividade de forma direta? Listamos alguns t\u00f3picos que podem ajud\u00e1-lo a separar momentos [&hellip;]<\/p>\n","protected":false},"author":10,"featured_media":8032,"comment_status":"closed","ping_status":"closed","sticky":false,"template":"","format":"standard","meta":{"footnotes":""},"categories":[471,505,500],"tags":[1010,1011,1013,1012],"class_list":["post-8031","post","type-post","status-publish","format-standard","has-post-thumbnail","hentry","category-artigos","category-blog","category-performance","tag-celular-corporativo","tag-performance-no-trabalho","tag-produtividade","tag-trabalho"],"yoast_head":"<!-- This site is optimized with the Yoast SEO Premium plugin v25.1 (Yoast SEO v27.2) - https:\/\/yoast.com\/product\/yoast-seo-premium-wordpress\/ -->\n<title>Como gerenciar o uso do celular corporativo pode beneficiar a produtividade - B-Young Social Media Co.<\/title>\n<meta name=\"robots\" content=\"index, follow, max-snippet:-1, max-image-preview:large, max-video-preview:-1\" \/>\n<link rel=\"canonical\" href=\"https:\/\/b-young.me\/en\/como-gerenciar-o-uso-do-celular-corporativo-pode-beneficiar-a-produtividade\/\" \/>\n<meta property=\"og:locale\" content=\"en_US\" \/>\n<meta property=\"og:type\" content=\"article\" \/>\n<meta property=\"og:title\" content=\"Como gerenciar o uso do celular corporativo pode beneficiar a produtividade\" \/>\n<meta property=\"og:description\" content=\"Trabalhar no celular permite a produtividade em qualquer lugar e a qualquer hora. Por outro lado, vivemos ultrapassando os limites quando nos mantemos conectados mais do que dever\u00edamos. Mas como o gerenciamento do uso do celular para trabalho pode beneficiar a nossa proatividade de forma direta? Listamos alguns t\u00f3picos que podem ajud\u00e1-lo a separar momentos [&hellip;]\" \/>\n<meta property=\"og:url\" content=\"https:\/\/b-young.me\/en\/como-gerenciar-o-uso-do-celular-corporativo-pode-beneficiar-a-produtividade\/\" \/>\n<meta property=\"og:site_name\" content=\"B-Young Social Media Co.\" \/>\n<meta property=\"article:publisher\" content=\"https:\/\/www.facebook.com\/agenciabyoung\" \/>\n<meta property=\"article:published_time\" content=\"2023-06-21T20:43:45+00:00\" \/>\n<meta property=\"article:modified_time\" content=\"2023-11-29T15:53:55+00:00\" \/>\n<meta property=\"og:image\" content=\"https:\/\/b-young.me\/wp-content\/uploads\/2023\/06\/21_06_Blog.png\" \/>\n\t<meta property=\"og:image:width\" content=\"1200\" \/>\n\t<meta property=\"og:image:height\" content=\"675\" \/>\n\t<meta property=\"og:image:type\" content=\"image\/png\" \/>\n<meta name=\"author\" content=\"Amanda Rosa\" \/>\n<meta name=\"twitter:card\" content=\"summary_large_image\" \/>\n<meta name=\"twitter:label1\" content=\"Written by\" \/>\n\t<meta name=\"twitter:data1\" content=\"Amanda Rosa\" \/>\n\t<meta name=\"twitter:label2\" content=\"Est. reading time\" \/>\n\t<meta name=\"twitter:data2\" content=\"3 minutes\" \/>\n<script type=\"application\/ld+json\" class=\"yoast-schema-graph\">{\"@context\":\"https:\/\/schema.org\",\"@graph\":[{\"@type\":\"Article\",\"@id\":\"https:\/\/b-young.me\/en\/como-gerenciar-o-uso-do-celular-corporativo-pode-beneficiar-a-produtividade\/#article\",\"isPartOf\":{\"@id\":\"https:\/\/b-young.me\/en\/como-gerenciar-o-uso-do-celular-corporativo-pode-beneficiar-a-produtividade\/\"},\"author\":{\"name\":\"Amanda Rosa\",\"@id\":\"https:\/\/b-young.me\/en\/#\/schema\/person\/b819c9e98c34965038a541c92a6bcc56\"},\"headline\":\"Como gerenciar o uso do celular corporativo pode beneficiar a produtividade\",\"datePublished\":\"2023-06-21T20:43:45+00:00\",\"dateModified\":\"2023-11-29T15:53:55+00:00\",\"mainEntityOfPage\":{\"@id\":\"https:\/\/b-young.me\/en\/como-gerenciar-o-uso-do-celular-corporativo-pode-beneficiar-a-produtividade\/\"},\"wordCount\":523,\"publisher\":{\"@id\":\"https:\/\/b-young.me\/en\/#organization\"},\"image\":{\"@id\":\"https:\/\/b-young.me\/en\/como-gerenciar-o-uso-do-celular-corporativo-pode-beneficiar-a-produtividade\/#primaryimage\"},\"thumbnailUrl\":\"https:\/\/b-young.me\/wp-content\/uploads\/2023\/06\/21_06_Blog.png\",\"keywords\":[\"celular corporativo\",\"performance no trabalho\",\"produtividade\",\"trabalho\"],\"articleSection\":[\"Artigos\",\"Blog\",\"Performance\"],\"inLanguage\":\"en-US\"},{\"@type\":\"WebPage\",\"@id\":\"https:\/\/b-young.me\/en\/como-gerenciar-o-uso-do-celular-corporativo-pode-beneficiar-a-produtividade\/\",\"url\":\"https:\/\/b-young.me\/en\/como-gerenciar-o-uso-do-celular-corporativo-pode-beneficiar-a-produtividade\/\",\"name\":\"Como gerenciar o uso do celular corporativo pode beneficiar a produtividade - B-Young Social Media Co.\",\"isPartOf\":{\"@id\":\"https:\/\/b-young.me\/en\/#website\"},\"primaryImageOfPage\":{\"@id\":\"https:\/\/b-young.me\/en\/como-gerenciar-o-uso-do-celular-corporativo-pode-beneficiar-a-produtividade\/#primaryimage\"},\"image\":{\"@id\":\"https:\/\/b-young.me\/en\/como-gerenciar-o-uso-do-celular-corporativo-pode-beneficiar-a-produtividade\/#primaryimage\"},\"thumbnailUrl\":\"https:\/\/b-young.me\/wp-content\/uploads\/2023\/06\/21_06_Blog.png\",\"datePublished\":\"2023-06-21T20:43:45+00:00\",\"dateModified\":\"2023-11-29T15:53:55+00:00\",\"breadcrumb\":{\"@id\":\"https:\/\/b-young.me\/en\/como-gerenciar-o-uso-do-celular-corporativo-pode-beneficiar-a-produtividade\/#breadcrumb\"},\"inLanguage\":\"en-US\",\"potentialAction\":[{\"@type\":\"ReadAction\",\"target\":[\"https:\/\/b-young.me\/en\/como-gerenciar-o-uso-do-celular-corporativo-pode-beneficiar-a-produtividade\/\"]}]},{\"@type\":\"ImageObject\",\"inLanguage\":\"en-US\",\"@id\":\"https:\/\/b-young.me\/en\/como-gerenciar-o-uso-do-celular-corporativo-pode-beneficiar-a-produtividade\/#primaryimage\",\"url\":\"https:\/\/b-young.me\/wp-content\/uploads\/2023\/06\/21_06_Blog.png\",\"contentUrl\":\"https:\/\/b-young.me\/wp-content\/uploads\/2023\/06\/21_06_Blog.png\",\"width\":1200,\"height\":675},{\"@type\":\"BreadcrumbList\",\"@id\":\"https:\/\/b-young.me\/en\/como-gerenciar-o-uso-do-celular-corporativo-pode-beneficiar-a-produtividade\/#breadcrumb\",\"itemListElement\":[{\"@type\":\"ListItem\",\"position\":1,\"name\":\"In\u00edcio\",\"item\":\"https:\/\/b-young.me\/en\/agency-of-social-media\/\"},{\"@type\":\"ListItem\",\"position\":2,\"name\":\"Como gerenciar o uso do celular corporativo pode beneficiar a produtividade\"}]},{\"@type\":\"WebSite\",\"@id\":\"https:\/\/b-young.me\/en\/#website\",\"url\":\"https:\/\/b-young.me\/en\/\",\"name\":\"B-Young Social Media Co.\",\"description\":\"Ag\u00eancia de M\u00eddias Sociais\",\"publisher\":{\"@id\":\"https:\/\/b-young.me\/en\/#organization\"},\"potentialAction\":[{\"@type\":\"SearchAction\",\"target\":{\"@type\":\"EntryPoint\",\"urlTemplate\":\"https:\/\/b-young.me\/en\/?s={search_term_string}\"},\"query-input\":{\"@type\":\"PropertyValueSpecification\",\"valueRequired\":true,\"valueName\":\"search_term_string\"}}],\"inLanguage\":\"en-US\"},{\"@type\":\"Organization\",\"@id\":\"https:\/\/b-young.me\/en\/#organization\",\"name\":\"B-Young Social Media Co.\",\"url\":\"https:\/\/b-young.me\/en\/\",\"logo\":{\"@type\":\"ImageObject\",\"inLanguage\":\"en-US\",\"@id\":\"https:\/\/b-young.me\/en\/#\/schema\/logo\/image\/\",\"url\":\"https:\/\/b-young.me\/wp-content\/uploads\/2022\/02\/logo_by.png\",\"contentUrl\":\"https:\/\/b-young.me\/wp-content\/uploads\/2022\/02\/logo_by.png\",\"width\":436,\"height\":131,\"caption\":\"B-Young Social Media Co.\"},\"image\":{\"@id\":\"https:\/\/b-young.me\/en\/#\/schema\/logo\/image\/\"},\"sameAs\":[\"https:\/\/www.facebook.com\/agenciabyoung\",\"https:\/\/www.instagram.com\/agencia_byoung\/\",\"https:\/\/www.linkedin.com\/company\/b-young\/\",\"https:\/\/www.youtube.com\/channel\/UCzBkLbvLBatSTJrPjENDuww\"]},{\"@type\":\"Person\",\"@id\":\"https:\/\/b-young.me\/en\/#\/schema\/person\/b819c9e98c34965038a541c92a6bcc56\",\"name\":\"Amanda Rosa\",\"url\":\"https:\/\/b-young.me\/en\/author\/amanda-vizagre\/\"}]}<\/script>\n<!-- \/ Yoast SEO Premium plugin. -->","yoast_head_json":{"title":"Como gerenciar o uso do celular corporativo pode beneficiar a produtividade - B-Young Social Media Co.","robots":{"index":"index","follow":"follow","max-snippet":"max-snippet:-1","max-image-preview":"max-image-preview:large","max-video-preview":"max-video-preview:-1"},"canonical":"https:\/\/b-young.me\/en\/como-gerenciar-o-uso-do-celular-corporativo-pode-beneficiar-a-produtividade\/","og_locale":"en_US","og_type":"article","og_title":"Como gerenciar o uso do celular corporativo pode beneficiar a produtividade","og_description":"Trabalhar no celular permite a produtividade em qualquer lugar e a qualquer hora. Por outro lado, vivemos ultrapassando os limites quando nos mantemos conectados mais do que dever\u00edamos. Mas como o gerenciamento do uso do celular para trabalho pode beneficiar a nossa proatividade de forma direta? Listamos alguns t\u00f3picos que podem ajud\u00e1-lo a separar momentos [&hellip;]","og_url":"https:\/\/b-young.me\/en\/como-gerenciar-o-uso-do-celular-corporativo-pode-beneficiar-a-produtividade\/","og_site_name":"B-Young Social Media Co.","article_publisher":"https:\/\/www.facebook.com\/agenciabyoung","article_published_time":"2023-06-21T20:43:45+00:00","article_modified_time":"2023-11-29T15:53:55+00:00","og_image":[{"width":1200,"height":675,"url":"https:\/\/b-young.me\/wp-content\/uploads\/2023\/06\/21_06_Blog.png","type":"image\/png"}],"author":"Amanda Rosa","twitter_card":"summary_large_image","twitter_misc":{"Written by":"Amanda Rosa","Est. reading time":"3 minutes"},"schema":{"@context":"https:\/\/schema.org","@graph":[{"@type":"Article","@id":"https:\/\/b-young.me\/en\/como-gerenciar-o-uso-do-celular-corporativo-pode-beneficiar-a-produtividade\/#article","isPartOf":{"@id":"https:\/\/b-young.me\/en\/como-gerenciar-o-uso-do-celular-corporativo-pode-beneficiar-a-produtividade\/"},"author":{"name":"Amanda Rosa","@id":"https:\/\/b-young.me\/en\/#\/schema\/person\/b819c9e98c34965038a541c92a6bcc56"},"headline":"Como gerenciar o uso do celular corporativo pode beneficiar a produtividade","datePublished":"2023-06-21T20:43:45+00:00","dateModified":"2023-11-29T15:53:55+00:00","mainEntityOfPage":{"@id":"https:\/\/b-young.me\/en\/como-gerenciar-o-uso-do-celular-corporativo-pode-beneficiar-a-produtividade\/"},"wordCount":523,"publisher":{"@id":"https:\/\/b-young.me\/en\/#organization"},"image":{"@id":"https:\/\/b-young.me\/en\/como-gerenciar-o-uso-do-celular-corporativo-pode-beneficiar-a-produtividade\/#primaryimage"},"thumbnailUrl":"https:\/\/b-young.me\/wp-content\/uploads\/2023\/06\/21_06_Blog.png","keywords":["celular corporativo","performance no trabalho","produtividade","trabalho"],"articleSection":["Artigos","Blog","Performance"],"inLanguage":"en-US"},{"@type":"WebPage","@id":"https:\/\/b-young.me\/en\/como-gerenciar-o-uso-do-celular-corporativo-pode-beneficiar-a-produtividade\/","url":"https:\/\/b-young.me\/en\/como-gerenciar-o-uso-do-celular-corporativo-pode-beneficiar-a-produtividade\/","name":"Como gerenciar o uso do celular corporativo pode beneficiar a produtividade - B-Young Social Media Co.","isPartOf":{"@id":"https:\/\/b-young.me\/en\/#website"},"primaryImageOfPage":{"@id":"https:\/\/b-young.me\/en\/como-gerenciar-o-uso-do-celular-corporativo-pode-beneficiar-a-produtividade\/#primaryimage"},"image":{"@id":"https:\/\/b-young.me\/en\/como-gerenciar-o-uso-do-celular-corporativo-pode-beneficiar-a-produtividade\/#primaryimage"},"thumbnailUrl":"https:\/\/b-young.me\/wp-content\/uploads\/2023\/06\/21_06_Blog.png","datePublished":"2023-06-21T20:43:45+00:00","dateModified":"2023-11-29T15:53:55+00:00","breadcrumb":{"@id":"https:\/\/b-young.me\/en\/como-gerenciar-o-uso-do-celular-corporativo-pode-beneficiar-a-produtividade\/#breadcrumb"},"inLanguage":"en-US","potentialAction":[{"@type":"ReadAction","target":["https:\/\/b-young.me\/en\/como-gerenciar-o-uso-do-celular-corporativo-pode-beneficiar-a-produtividade\/"]}]},{"@type":"ImageObject","inLanguage":"en-US","@id":"https:\/\/b-young.me\/en\/como-gerenciar-o-uso-do-celular-corporativo-pode-beneficiar-a-produtividade\/#primaryimage","url":"https:\/\/b-young.me\/wp-content\/uploads\/2023\/06\/21_06_Blog.png","contentUrl":"https:\/\/b-young.me\/wp-content\/uploads\/2023\/06\/21_06_Blog.png","width":1200,"height":675},{"@type":"BreadcrumbList","@id":"https:\/\/b-young.me\/en\/como-gerenciar-o-uso-do-celular-corporativo-pode-beneficiar-a-produtividade\/#breadcrumb","itemListElement":[{"@type":"ListItem","position":1,"name":"In\u00edcio","item":"https:\/\/b-young.me\/en\/agency-of-social-media\/"},{"@type":"ListItem","position":2,"name":"Como gerenciar o uso do celular corporativo pode beneficiar a produtividade"}]},{"@type":"WebSite","@id":"https:\/\/b-young.me\/en\/#website","url":"https:\/\/b-young.me\/en\/","name":"B-Young Social Media Co.","description":"Ag\u00eancia de M\u00eddias Sociais","publisher":{"@id":"https:\/\/b-young.me\/en\/#organization"},"potentialAction":[{"@type":"SearchAction","target":{"@type":"EntryPoint","urlTemplate":"https:\/\/b-young.me\/en\/?s={search_term_string}"},"query-input":{"@type":"PropertyValueSpecification","valueRequired":true,"valueName":"search_term_string"}}],"inLanguage":"en-US"},{"@type":"Organization","@id":"https:\/\/b-young.me\/en\/#organization","name":"B-Young Social Media Co.","url":"https:\/\/b-young.me\/en\/","logo":{"@type":"ImageObject","inLanguage":"en-US","@id":"https:\/\/b-young.me\/en\/#\/schema\/logo\/image\/","url":"https:\/\/b-young.me\/wp-content\/uploads\/2022\/02\/logo_by.png","contentUrl":"https:\/\/b-young.me\/wp-content\/uploads\/2022\/02\/logo_by.png","width":436,"height":131,"caption":"B-Young Social Media Co."},"image":{"@id":"https:\/\/b-young.me\/en\/#\/schema\/logo\/image\/"},"sameAs":["https:\/\/www.facebook.com\/agenciabyoung","https:\/\/www.instagram.com\/agencia_byoung\/","https:\/\/www.linkedin.com\/company\/b-young\/","https:\/\/www.youtube.com\/channel\/UCzBkLbvLBatSTJrPjENDuww"]},{"@type":"Person","@id":"https:\/\/b-young.me\/en\/#\/schema\/person\/b819c9e98c34965038a541c92a6bcc56","name":"Amanda Rosa","url":"https:\/\/b-young.me\/en\/author\/amanda-vizagre\/"}]}},"_links":{"self":[{"href":"https:\/\/b-young.me\/en\/wp-json\/wp\/v2\/posts\/8031","targetHints":{"allow":["GET"]}}],"collection":[{"href":"https:\/\/b-young.me\/en\/wp-json\/wp\/v2\/posts"}],"about":[{"href":"https:\/\/b-young.me\/en\/wp-json\/wp\/v2\/types\/post"}],"author":[{"embeddable":true,"href":"https:\/\/b-young.me\/en\/wp-json\/wp\/v2\/users\/10"}],"replies":[{"embeddable":true,"href":"https:\/\/b-young.me\/en\/wp-json\/wp\/v2\/comments?post=8031"}],"version-history":[{"count":0,"href":"https:\/\/b-young.me\/en\/wp-json\/wp\/v2\/posts\/8031\/revisions"}],"wp:featuredmedia":[{"embeddable":true,"href":"https:\/\/b-young.me\/en\/wp-json\/wp\/v2\/media\/8032"}],"wp:attachment":[{"href":"https:\/\/b-young.me\/en\/wp-json\/wp\/v2\/media?parent=8031"}],"wp:term":[{"taxonomy":"category","embeddable":true,"href":"https:\/\/b-young.me\/en\/wp-json\/wp\/v2\/categories?post=8031"},{"taxonomy":"post_tag","embeddable":true,"href":"https:\/\/b-young.me\/en\/wp-json\/wp\/v2\/tags?post=8031"}],"curies":[{"name":"wp","href":"https:\/\/api.w.org\/{rel}","templated":true}]}}